{"id":78,"date":"2020-01-07T13:56:32","date_gmt":"2020-01-07T12:56:32","guid":{"rendered":"https:\/\/bains-saint-thomas.fr\/cat\/?p=78"},"modified":"2020-01-07T13:59:24","modified_gmt":"2020-01-07T12:59:24","slug":"forfaits-ski-et-bains-station-de-ski-defont-romeu-p2000-et-lespace-cambre-daze","status":"publish","type":"post","link":"https:\/\/bains-saint-thomas.fr\/cat\/2020\/01\/07\/forfaits-ski-et-bains-station-de-ski-defont-romeu-p2000-et-lespace-cambre-daze\/","title":{"rendered":"forfaits ski et bains station de ski deFont-Romeu \/ P2000 et l&rsquo;espace Cambre d&rsquo;Aze."},"content":{"rendered":"\n<p>La nostra associaci\u00f3 entre les Termes de Sant Tom\u00e0s i les estacions de Font Romeu \/ Pyrenees 2000  \/ Espa\u00ef Cambre d&rsquo;Aze d\u2019esqu\u00ed i relax amb \u00ab&nbsp;F\u00f3rmula d\u2019esqu\u00ed i bany maligne!&nbsp;\u00bb<\/p>\n\n\n\n<p>2 \u20ac m\u00e9s per a la compra del seu paquet a la m\u00e0 gaudint de la f\u00f3rmula simple en piscines exteriors (preu p\u00fablic 7 \u20ac).<\/p>\n\n\n\n<p>8 \u20ac m\u00e9s per a la compra del seu paquet a la m\u00e0 gaudint de la f\u00f3rmula completa \u00ab&nbsp;fora Bains + espaci int\u00e9rior&nbsp;\u00bb (preu de 15.50 \u20ac). La satio del Cambre d&rsquo;Aze propone forfaits \u00ab\u00a0ski y ba\u00f1os\u00a0\u00bb<\/p>\n\n\n\n<p>* Una butlleta d\u2019entrada se li d\u00f3na a vost\u00e8 directament per diners en efectiu i t\u00e9 validesa  toda la temporada del ski!<\/p>\n","protected":false},"excerpt":{"rendered":"<p>La nostra associaci\u00f3 entre les Termes de Sant Tom\u00e0s i les estacions de Font Romeu \/ Pyrenees 2000 \/ Espa\u00ef Cambre d&rsquo;Aze d\u2019esqu\u00ed i relax amb \u00ab&nbsp;F\u00f3rmula d\u2019esqu\u00ed i bany maligne!&nbsp;\u00bb 2 \u20ac m\u00e9s per a la compra del seu &hellip; <a href=\"https:\/\/bains-saint-thomas.fr\/cat\/2020\/01\/07\/forfaits-ski-et-bains-station-de-ski-defont-romeu-p2000-et-lespace-cambre-daze\/\">Lire la suite\u00ad\u00ad<\/a><\/p>\n","protected":false},"author":2,"featured_media":81,"comment_status":"closed","ping_status":"closed","sticky":false,"template":"","format":"standard","meta":{"_jetpack_memberships_contains_paid_content":false,"footnotes":""},"categories":[1],"tags":[],"class_list":["post-78","post","type-post","status-publish","format-standard","has-post-thumbnail","hentry","category-non-classe"],"yoast_head":"<!-- This site is optimized with the Yoast SEO plugin v27.5 - https:\/\/yoast.com\/product\/yoast-seo-wordpress\/ -->\n<title>forfaits ski et bains station de ski deFont-Romeu \/ P2000 et l&#039;espace Cambre d&#039;Aze. - Banys de Sant Tom\u00e0s<\/title>\n<meta name=\"robots\" content=\"index, follow, max-snippet:-1, max-image-preview:large, max-video-preview:-1\" \/>\n<link rel=\"canonical\" href=\"https:\/\/bains-saint-thomas.fr\/cat\/2020\/01\/07\/forfaits-ski-et-bains-station-de-ski-defont-romeu-p2000-et-lespace-cambre-daze\/\" \/>\n<meta property=\"og:locale\" content=\"fr_FR\" \/>\n<meta property=\"og:type\" content=\"article\" \/>\n<meta property=\"og:title\" content=\"forfaits ski et bains station de ski deFont-Romeu \/ P2000 et l&#039;espace Cambre d&#039;Aze. - Banys de Sant Tom\u00e0s\" \/>\n<meta property=\"og:description\" content=\"La nostra associaci\u00f3 entre les Termes de Sant Tom\u00e0s i les estacions de Font Romeu \/ Pyrenees 2000 \/ Espa\u00ef Cambre d&rsquo;Aze d\u2019esqu\u00ed i relax amb \u00ab&nbsp;F\u00f3rmula d\u2019esqu\u00ed i bany maligne!&nbsp;\u00bb 2 \u20ac m\u00e9s per a la compra del seu &hellip; Lire la suite\u00ad\u00ad\" \/>\n<meta property=\"og:url\" content=\"https:\/\/bains-saint-thomas.fr\/cat\/2020\/01\/07\/forfaits-ski-et-bains-station-de-ski-defont-romeu-p2000-et-lespace-cambre-daze\/\" \/>\n<meta property=\"og:site_name\" content=\"Banys de Sant Tom\u00e0s\" \/>\n<meta property=\"article:published_time\" content=\"2020-01-07T12:56:32+00:00\" \/>\n<meta property=\"article:modified_time\" content=\"2020-01-07T12:59:24+00:00\" \/>\n<meta property=\"og:image\" content=\"https:\/\/bains-saint-thomas.fr\/cat\/wp-content\/uploads\/sites\/3\/station-de-ski-de-fr.png\" \/>\n\t<meta property=\"og:image:width\" content=\"719\" \/>\n\t<meta property=\"og:image:height\" content=\"468\" \/>\n\t<meta property=\"og:image:type\" content=\"image\/png\" \/>\n<meta name=\"author\" content=\"lesbains\" \/>\n<meta name=\"twitter:card\" content=\"summary_large_image\" \/>\n<meta name=\"twitter:label1\" content=\"\u00c9crit par\" \/>\n\t<meta name=\"twitter:data1\" content=\"lesbains\" \/>\n\t<meta name=\"twitter:label2\" content=\"Dur\u00e9e de lecture estim\u00e9e\" \/>\n\t<meta name=\"twitter:data2\" content=\"1 minute\" \/>\n<script type=\"application\/ld+json\" class=\"yoast-schema-graph\">{\"@context\":\"https:\\\/\\\/schema.org\",\"@graph\":[{\"@type\":\"Article\",\"@id\":\"https:\\\/\\\/bains-saint-thomas.fr\\\/cat\\\/2020\\\/01\\\/07\\\/forfaits-ski-et-bains-station-de-ski-defont-romeu-p2000-et-lespace-cambre-daze\\\/#article\",\"isPartOf\":{\"@id\":\"https:\\\/\\\/bains-saint-thomas.fr\\\/cat\\\/2020\\\/01\\\/07\\\/forfaits-ski-et-bains-station-de-ski-defont-romeu-p2000-et-lespace-cambre-daze\\\/\"},\"author\":{\"name\":\"lesbains\",\"@id\":\"https:\\\/\\\/bains-saint-thomas.fr\\\/cat\\\/#\\\/schema\\\/person\\\/0cbbdd327943ad9d423986e877d45895\"},\"headline\":\"forfaits ski et bains station de ski deFont-Romeu \\\/ P2000 et l&rsquo;espace Cambre d&rsquo;Aze.\",\"datePublished\":\"2020-01-07T12:56:32+00:00\",\"dateModified\":\"2020-01-07T12:59:24+00:00\",\"mainEntityOfPage\":{\"@id\":\"https:\\\/\\\/bains-saint-thomas.fr\\\/cat\\\/2020\\\/01\\\/07\\\/forfaits-ski-et-bains-station-de-ski-defont-romeu-p2000-et-lespace-cambre-daze\\\/\"},\"wordCount\":132,\"image\":{\"@id\":\"https:\\\/\\\/bains-saint-thomas.fr\\\/cat\\\/2020\\\/01\\\/07\\\/forfaits-ski-et-bains-station-de-ski-defont-romeu-p2000-et-lespace-cambre-daze\\\/#primaryimage\"},\"thumbnailUrl\":\"https:\\\/\\\/bains-saint-thomas.fr\\\/cat\\\/wp-content\\\/uploads\\\/sites\\\/3\\\/station-de-ski-de-fr.png\",\"inLanguage\":\"fr-FR\"},{\"@type\":\"WebPage\",\"@id\":\"https:\\\/\\\/bains-saint-thomas.fr\\\/cat\\\/2020\\\/01\\\/07\\\/forfaits-ski-et-bains-station-de-ski-defont-romeu-p2000-et-lespace-cambre-daze\\\/\",\"url\":\"https:\\\/\\\/bains-saint-thomas.fr\\\/cat\\\/2020\\\/01\\\/07\\\/forfaits-ski-et-bains-station-de-ski-defont-romeu-p2000-et-lespace-cambre-daze\\\/\",\"name\":\"forfaits ski et bains station de ski deFont-Romeu \\\/ P2000 et l'espace Cambre d'Aze. - Banys de Sant Tom\u00e0s\",\"isPartOf\":{\"@id\":\"https:\\\/\\\/bains-saint-thomas.fr\\\/cat\\\/#website\"},\"primaryImageOfPage\":{\"@id\":\"https:\\\/\\\/bains-saint-thomas.fr\\\/cat\\\/2020\\\/01\\\/07\\\/forfaits-ski-et-bains-station-de-ski-defont-romeu-p2000-et-lespace-cambre-daze\\\/#primaryimage\"},\"image\":{\"@id\":\"https:\\\/\\\/bains-saint-thomas.fr\\\/cat\\\/2020\\\/01\\\/07\\\/forfaits-ski-et-bains-station-de-ski-defont-romeu-p2000-et-lespace-cambre-daze\\\/#primaryimage\"},\"thumbnailUrl\":\"https:\\\/\\\/bains-saint-thomas.fr\\\/cat\\\/wp-content\\\/uploads\\\/sites\\\/3\\\/station-de-ski-de-fr.png\",\"datePublished\":\"2020-01-07T12:56:32+00:00\",\"dateModified\":\"2020-01-07T12:59:24+00:00\",\"author\":{\"@id\":\"https:\\\/\\\/bains-saint-thomas.fr\\\/cat\\\/#\\\/schema\\\/person\\\/0cbbdd327943ad9d423986e877d45895\"},\"breadcrumb\":{\"@id\":\"https:\\\/\\\/bains-saint-thomas.fr\\\/cat\\\/2020\\\/01\\\/07\\\/forfaits-ski-et-bains-station-de-ski-defont-romeu-p2000-et-lespace-cambre-daze\\\/#breadcrumb\"},\"inLanguage\":\"fr-FR\",\"potentialAction\":[{\"@type\":\"ReadAction\",\"target\":[\"https:\\\/\\\/bains-saint-thomas.fr\\\/cat\\\/2020\\\/01\\\/07\\\/forfaits-ski-et-bains-station-de-ski-defont-romeu-p2000-et-lespace-cambre-daze\\\/\"]}]},{\"@type\":\"ImageObject\",\"inLanguage\":\"fr-FR\",\"@id\":\"https:\\\/\\\/bains-saint-thomas.fr\\\/cat\\\/2020\\\/01\\\/07\\\/forfaits-ski-et-bains-station-de-ski-defont-romeu-p2000-et-lespace-cambre-daze\\\/#primaryimage\",\"url\":\"https:\\\/\\\/bains-saint-thomas.fr\\\/cat\\\/wp-content\\\/uploads\\\/sites\\\/3\\\/station-de-ski-de-fr.png\",\"contentUrl\":\"https:\\\/\\\/bains-saint-thomas.fr\\\/cat\\\/wp-content\\\/uploads\\\/sites\\\/3\\\/station-de-ski-de-fr.png\",\"width\":719,\"height\":468},{\"@type\":\"BreadcrumbList\",\"@id\":\"https:\\\/\\\/bains-saint-thomas.fr\\\/cat\\\/2020\\\/01\\\/07\\\/forfaits-ski-et-bains-station-de-ski-defont-romeu-p2000-et-lespace-cambre-daze\\\/#breadcrumb\",\"itemListElement\":[{\"@type\":\"ListItem\",\"position\":1,\"name\":\"Accueil\",\"item\":\"https:\\\/\\\/bains-saint-thomas.fr\\\/cat\\\/\"},{\"@type\":\"ListItem\",\"position\":2,\"name\":\"forfaits ski et bains station de ski deFont-Romeu \\\/ P2000 et l&rsquo;espace Cambre d&rsquo;Aze.\"}]},{\"@type\":\"WebSite\",\"@id\":\"https:\\\/\\\/bains-saint-thomas.fr\\\/cat\\\/#website\",\"url\":\"https:\\\/\\\/bains-saint-thomas.fr\\\/cat\\\/\",\"name\":\"Banys de Sant Tom\u00e0s\",\"description\":\"\",\"potentialAction\":[{\"@type\":\"SearchAction\",\"target\":{\"@type\":\"EntryPoint\",\"urlTemplate\":\"https:\\\/\\\/bains-saint-thomas.fr\\\/cat\\\/?s={search_term_string}\"},\"query-input\":{\"@type\":\"PropertyValueSpecification\",\"valueRequired\":true,\"valueName\":\"search_term_string\"}}],\"inLanguage\":\"fr-FR\"},{\"@type\":\"Person\",\"@id\":\"https:\\\/\\\/bains-saint-thomas.fr\\\/cat\\\/#\\\/schema\\\/person\\\/0cbbdd327943ad9d423986e877d45895\",\"name\":\"lesbains\",\"url\":\"https:\\\/\\\/bains-saint-thomas.fr\\\/cat\\\/author\\\/lesbains\\\/\"}]}<\/script>\n<!-- \/ Yoast SEO plugin. -->","yoast_head_json":{"title":"forfaits ski et bains station de ski deFont-Romeu \/ P2000 et l'espace Cambre d'Aze. - Banys de Sant Tom\u00e0s","robots":{"index":"index","follow":"follow","max-snippet":"max-snippet:-1","max-image-preview":"max-image-preview:large","max-video-preview":"max-video-preview:-1"},"canonical":"https:\/\/bains-saint-thomas.fr\/cat\/2020\/01\/07\/forfaits-ski-et-bains-station-de-ski-defont-romeu-p2000-et-lespace-cambre-daze\/","og_locale":"fr_FR","og_type":"article","og_title":"forfaits ski et bains station de ski deFont-Romeu \/ P2000 et l'espace Cambre d'Aze. - Banys de Sant Tom\u00e0s","og_description":"La nostra associaci\u00f3 entre les Termes de Sant Tom\u00e0s i les estacions de Font Romeu \/ Pyrenees 2000 \/ Espa\u00ef Cambre d&rsquo;Aze d\u2019esqu\u00ed i relax amb \u00ab&nbsp;F\u00f3rmula d\u2019esqu\u00ed i bany maligne!&nbsp;\u00bb 2 \u20ac m\u00e9s per a la compra del seu &hellip; Lire la suite\u00ad\u00ad","og_url":"https:\/\/bains-saint-thomas.fr\/cat\/2020\/01\/07\/forfaits-ski-et-bains-station-de-ski-defont-romeu-p2000-et-lespace-cambre-daze\/","og_site_name":"Banys de Sant Tom\u00e0s","article_published_time":"2020-01-07T12:56:32+00:00","article_modified_time":"2020-01-07T12:59:24+00:00","og_image":[{"width":719,"height":468,"url":"https:\/\/bains-saint-thomas.fr\/cat\/wp-content\/uploads\/sites\/3\/station-de-ski-de-fr.png","type":"image\/png"}],"author":"lesbains","twitter_card":"summary_large_image","twitter_misc":{"\u00c9crit par":"lesbains","Dur\u00e9e de lecture estim\u00e9e":"1 minute"},"schema":{"@context":"https:\/\/schema.org","@graph":[{"@type":"Article","@id":"https:\/\/bains-saint-thomas.fr\/cat\/2020\/01\/07\/forfaits-ski-et-bains-station-de-ski-defont-romeu-p2000-et-lespace-cambre-daze\/#article","isPartOf":{"@id":"https:\/\/bains-saint-thomas.fr\/cat\/2020\/01\/07\/forfaits-ski-et-bains-station-de-ski-defont-romeu-p2000-et-lespace-cambre-daze\/"},"author":{"name":"lesbains","@id":"https:\/\/bains-saint-thomas.fr\/cat\/#\/schema\/person\/0cbbdd327943ad9d423986e877d45895"},"headline":"forfaits ski et bains station de ski deFont-Romeu \/ P2000 et l&rsquo;espace Cambre d&rsquo;Aze.","datePublished":"2020-01-07T12:56:32+00:00","dateModified":"2020-01-07T12:59:24+00:00","mainEntityOfPage":{"@id":"https:\/\/bains-saint-thomas.fr\/cat\/2020\/01\/07\/forfaits-ski-et-bains-station-de-ski-defont-romeu-p2000-et-lespace-cambre-daze\/"},"wordCount":132,"image":{"@id":"https:\/\/bains-saint-thomas.fr\/cat\/2020\/01\/07\/forfaits-ski-et-bains-station-de-ski-defont-romeu-p2000-et-lespace-cambre-daze\/#primaryimage"},"thumbnailUrl":"https:\/\/bains-saint-thomas.fr\/cat\/wp-content\/uploads\/sites\/3\/station-de-ski-de-fr.png","inLanguage":"fr-FR"},{"@type":"WebPage","@id":"https:\/\/bains-saint-thomas.fr\/cat\/2020\/01\/07\/forfaits-ski-et-bains-station-de-ski-defont-romeu-p2000-et-lespace-cambre-daze\/","url":"https:\/\/bains-saint-thomas.fr\/cat\/2020\/01\/07\/forfaits-ski-et-bains-station-de-ski-defont-romeu-p2000-et-lespace-cambre-daze\/","name":"forfaits ski et bains station de ski deFont-Romeu \/ P2000 et l'espace Cambre d'Aze. - Banys de Sant Tom\u00e0s","isPartOf":{"@id":"https:\/\/bains-saint-thomas.fr\/cat\/#website"},"primaryImageOfPage":{"@id":"https:\/\/bains-saint-thomas.fr\/cat\/2020\/01\/07\/forfaits-ski-et-bains-station-de-ski-defont-romeu-p2000-et-lespace-cambre-daze\/#primaryimage"},"image":{"@id":"https:\/\/bains-saint-thomas.fr\/cat\/2020\/01\/07\/forfaits-ski-et-bains-station-de-ski-defont-romeu-p2000-et-lespace-cambre-daze\/#primaryimage"},"thumbnailUrl":"https:\/\/bains-saint-thomas.fr\/cat\/wp-content\/uploads\/sites\/3\/station-de-ski-de-fr.png","datePublished":"2020-01-07T12:56:32+00:00","dateModified":"2020-01-07T12:59:24+00:00","author":{"@id":"https:\/\/bains-saint-thomas.fr\/cat\/#\/schema\/person\/0cbbdd327943ad9d423986e877d45895"},"breadcrumb":{"@id":"https:\/\/bains-saint-thomas.fr\/cat\/2020\/01\/07\/forfaits-ski-et-bains-station-de-ski-defont-romeu-p2000-et-lespace-cambre-daze\/#breadcrumb"},"inLanguage":"fr-FR","potentialAction":[{"@type":"ReadAction","target":["https:\/\/bains-saint-thomas.fr\/cat\/2020\/01\/07\/forfaits-ski-et-bains-station-de-ski-defont-romeu-p2000-et-lespace-cambre-daze\/"]}]},{"@type":"ImageObject","inLanguage":"fr-FR","@id":"https:\/\/bains-saint-thomas.fr\/cat\/2020\/01\/07\/forfaits-ski-et-bains-station-de-ski-defont-romeu-p2000-et-lespace-cambre-daze\/#primaryimage","url":"https:\/\/bains-saint-thomas.fr\/cat\/wp-content\/uploads\/sites\/3\/station-de-ski-de-fr.png","contentUrl":"https:\/\/bains-saint-thomas.fr\/cat\/wp-content\/uploads\/sites\/3\/station-de-ski-de-fr.png","width":719,"height":468},{"@type":"BreadcrumbList","@id":"https:\/\/bains-saint-thomas.fr\/cat\/2020\/01\/07\/forfaits-ski-et-bains-station-de-ski-defont-romeu-p2000-et-lespace-cambre-daze\/#breadcrumb","itemListElement":[{"@type":"ListItem","position":1,"name":"Accueil","item":"https:\/\/bains-saint-thomas.fr\/cat\/"},{"@type":"ListItem","position":2,"name":"forfaits ski et bains station de ski deFont-Romeu \/ P2000 et l&rsquo;espace Cambre d&rsquo;Aze."}]},{"@type":"WebSite","@id":"https:\/\/bains-saint-thomas.fr\/cat\/#website","url":"https:\/\/bains-saint-thomas.fr\/cat\/","name":"Banys de Sant Tom\u00e0s","description":"","potentialAction":[{"@type":"SearchAction","target":{"@type":"EntryPoint","urlTemplate":"https:\/\/bains-saint-thomas.fr\/cat\/?s={search_term_string}"},"query-input":{"@type":"PropertyValueSpecification","valueRequired":true,"valueName":"search_term_string"}}],"inLanguage":"fr-FR"},{"@type":"Person","@id":"https:\/\/bains-saint-thomas.fr\/cat\/#\/schema\/person\/0cbbdd327943ad9d423986e877d45895","name":"lesbains","url":"https:\/\/bains-saint-thomas.fr\/cat\/author\/lesbains\/"}]}},"jetpack_featured_media_url":"https:\/\/bains-saint-thomas.fr\/cat\/wp-content\/uploads\/sites\/3\/station-de-ski-de-fr.png","jetpack_shortlink":"https:\/\/wp.me\/p8ZYZV-1g","jetpack_sharing_enabled":true,"_links":{"self":[{"href":"https:\/\/bains-saint-thomas.fr\/cat\/wp-json\/wp\/v2\/posts\/78","targetHints":{"allow":["GET"]}}],"collection":[{"href":"https:\/\/bains-saint-thomas.fr\/cat\/wp-json\/wp\/v2\/posts"}],"about":[{"href":"https:\/\/bains-saint-thomas.fr\/cat\/wp-json\/wp\/v2\/types\/post"}],"author":[{"embeddable":true,"href":"https:\/\/bains-saint-thomas.fr\/cat\/wp-json\/wp\/v2\/users\/2"}],"replies":[{"embeddable":true,"href":"https:\/\/bains-saint-thomas.fr\/cat\/wp-json\/wp\/v2\/comments?post=78"}],"version-history":[{"count":2,"href":"https:\/\/bains-saint-thomas.fr\/cat\/wp-json\/wp\/v2\/posts\/78\/revisions"}],"predecessor-version":[{"id":82,"href":"https:\/\/bains-saint-thomas.fr\/cat\/wp-json\/wp\/v2\/posts\/78\/revisions\/82"}],"wp:featuredmedia":[{"embeddable":true,"href":"https:\/\/bains-saint-thomas.fr\/cat\/wp-json\/wp\/v2\/media\/81"}],"wp:attachment":[{"href":"https:\/\/bains-saint-thomas.fr\/cat\/wp-json\/wp\/v2\/media?parent=78"}],"wp:term":[{"taxonomy":"category","embeddable":true,"href":"https:\/\/bains-saint-thomas.fr\/cat\/wp-json\/wp\/v2\/categories?post=78"},{"taxonomy":"post_tag","embeddable":true,"href":"https:\/\/bains-saint-thomas.fr\/cat\/wp-json\/wp\/v2\/tags?post=78"}],"curies":[{"name":"wp","href":"https:\/\/api.w.org\/{rel}","templated":true}]}}