{"id":45,"date":"2014-01-08T15:32:03","date_gmt":"2014-01-08T14:32:03","guid":{"rendered":"https:\/\/bains-saint-thomas.fr\/cat\/?p=45"},"modified":"2014-01-08T15:32:03","modified_gmt":"2014-01-08T14:32:03","slug":"ski-et-bains-malins","status":"publish","type":"post","link":"https:\/\/bains-saint-thomas.fr\/cat\/2014\/01\/08\/ski-et-bains-malins\/","title":{"rendered":"Ski et Bains malins"},"content":{"rendered":"<p>La nostra associaci\u00f3 entre les Termes de Sant Tom\u00e0s i les estacions de Font Romeu \/ Pyrenees 2000 d&rsquo;esqu\u00ed i relax amb \u00ab\u00a0F\u00f3rmula d&rsquo;esqu\u00ed i bany maligne!\u00a0\u00bb<\/p>\n<p>1 \u20ac m\u00e9s per a la compra del seu paquet a la m\u00e0 gaudint de la f\u00f3rmula simple en piscines exteriors (preu p\u00fablic 6,50 \u20ac).<\/p>\n<p>6 \u20ac m\u00e9s per a la compra del seu paquet a la m\u00e0 gaudint de la f\u00f3rmula completa \u00ab\u00a0fora Bains + hammam\u00a0\u00bb (preu de 13,00 \u20ac).<\/p>\n<p>* Una butlleta d&rsquo;entrada se li d\u00f3na a vost\u00e8 directament per diners en efectiu i t\u00e9 validesa per 1 any!<\/p>\n<p><a href=\"https:\/\/bains-saint-thomas.fr\/wp-content\/uploads\/SkiezMalin1.jpg\"><img loading=\"lazy\" decoding=\"async\" class=\"alignnone  wp-image-279\" alt=\"SkiezMalin\" src=\"https:\/\/bains-saint-thomas.fr\/wp-content\/uploads\/SkiezMalin1.jpg\" width=\"171\" height=\"258\" \/><\/a><\/p>\n","protected":false},"excerpt":{"rendered":"<p>La nostra associaci\u00f3 entre les Termes de Sant Tom\u00e0s i les estacions de Font Romeu \/ Pyrenees 2000 d&rsquo;esqu\u00ed i relax amb \u00ab\u00a0F\u00f3rmula d&rsquo;esqu\u00ed i bany maligne!\u00a0\u00bb 1 \u20ac m\u00e9s per a la compra del seu paquet a la m\u00e0 &hellip; <a href=\"https:\/\/bains-saint-thomas.fr\/cat\/2014\/01\/08\/ski-et-bains-malins\/\">Lire la suite\u00ad\u00ad<\/a><\/p>\n","protected":false},"author":1,"featured_media":0,"comment_status":"closed","ping_status":"closed","sticky":false,"template":"","format":"standard","meta":{"_jetpack_memberships_contains_paid_content":false,"footnotes":""},"categories":[1],"tags":[],"class_list":["post-45","post","type-post","status-publish","format-standard","hentry","category-non-classe"],"yoast_head":"<!-- This site is optimized with the Yoast SEO plugin v27.5 - https:\/\/yoast.com\/product\/yoast-seo-wordpress\/ -->\n<title>Ski et Bains malins - Banys de Sant Tom\u00e0s<\/title>\n<meta name=\"robots\" content=\"index, follow, max-snippet:-1, max-image-preview:large, max-video-preview:-1\" \/>\n<link rel=\"canonical\" href=\"https:\/\/bains-saint-thomas.fr\/cat\/2014\/01\/08\/ski-et-bains-malins\/\" \/>\n<meta property=\"og:locale\" content=\"fr_FR\" \/>\n<meta property=\"og:type\" content=\"article\" \/>\n<meta property=\"og:title\" content=\"Ski et Bains malins - Banys de Sant Tom\u00e0s\" \/>\n<meta property=\"og:description\" content=\"La nostra associaci\u00f3 entre les Termes de Sant Tom\u00e0s i les estacions de Font Romeu \/ Pyrenees 2000 d&rsquo;esqu\u00ed i relax amb \u00ab\u00a0F\u00f3rmula d&rsquo;esqu\u00ed i bany maligne!\u00a0\u00bb 1 \u20ac m\u00e9s per a la compra del seu paquet a la m\u00e0 &hellip; Lire la suite\u00ad\u00ad\" \/>\n<meta property=\"og:url\" content=\"https:\/\/bains-saint-thomas.fr\/cat\/2014\/01\/08\/ski-et-bains-malins\/\" \/>\n<meta property=\"og:site_name\" content=\"Banys de Sant Tom\u00e0s\" \/>\n<meta property=\"article:published_time\" content=\"2014-01-08T14:32:03+00:00\" \/>\n<meta property=\"og:image\" content=\"https:\/\/bains-saint-thomas.fr\/wp-content\/uploads\/SkiezMalin1.jpg\" \/>\n<meta name=\"author\" content=\"adminstlb\" \/>\n<meta name=\"twitter:card\" content=\"summary_large_image\" \/>\n<meta name=\"twitter:label1\" content=\"\u00c9crit par\" \/>\n\t<meta name=\"twitter:data1\" content=\"adminstlb\" \/>\n<script type=\"application\/ld+json\" class=\"yoast-schema-graph\">{\"@context\":\"https:\\\/\\\/schema.org\",\"@graph\":[{\"@type\":\"Article\",\"@id\":\"https:\\\/\\\/bains-saint-thomas.fr\\\/cat\\\/2014\\\/01\\\/08\\\/ski-et-bains-malins\\\/#article\",\"isPartOf\":{\"@id\":\"https:\\\/\\\/bains-saint-thomas.fr\\\/cat\\\/2014\\\/01\\\/08\\\/ski-et-bains-malins\\\/\"},\"author\":{\"name\":\"adminstlb\",\"@id\":\"https:\\\/\\\/bains-saint-thomas.fr\\\/cat\\\/#\\\/schema\\\/person\\\/43635085c217fcb2d3a402e16eab9bd1\"},\"headline\":\"Ski et Bains malins\",\"datePublished\":\"2014-01-08T14:32:03+00:00\",\"mainEntityOfPage\":{\"@id\":\"https:\\\/\\\/bains-saint-thomas.fr\\\/cat\\\/2014\\\/01\\\/08\\\/ski-et-bains-malins\\\/\"},\"wordCount\":97,\"image\":{\"@id\":\"https:\\\/\\\/bains-saint-thomas.fr\\\/cat\\\/2014\\\/01\\\/08\\\/ski-et-bains-malins\\\/#primaryimage\"},\"thumbnailUrl\":\"https:\\\/\\\/bains-saint-thomas.fr\\\/wp-content\\\/uploads\\\/SkiezMalin1.jpg\",\"inLanguage\":\"fr-FR\"},{\"@type\":\"WebPage\",\"@id\":\"https:\\\/\\\/bains-saint-thomas.fr\\\/cat\\\/2014\\\/01\\\/08\\\/ski-et-bains-malins\\\/\",\"url\":\"https:\\\/\\\/bains-saint-thomas.fr\\\/cat\\\/2014\\\/01\\\/08\\\/ski-et-bains-malins\\\/\",\"name\":\"Ski et Bains malins - Banys de Sant Tom\u00e0s\",\"isPartOf\":{\"@id\":\"https:\\\/\\\/bains-saint-thomas.fr\\\/cat\\\/#website\"},\"primaryImageOfPage\":{\"@id\":\"https:\\\/\\\/bains-saint-thomas.fr\\\/cat\\\/2014\\\/01\\\/08\\\/ski-et-bains-malins\\\/#primaryimage\"},\"image\":{\"@id\":\"https:\\\/\\\/bains-saint-thomas.fr\\\/cat\\\/2014\\\/01\\\/08\\\/ski-et-bains-malins\\\/#primaryimage\"},\"thumbnailUrl\":\"https:\\\/\\\/bains-saint-thomas.fr\\\/wp-content\\\/uploads\\\/SkiezMalin1.jpg\",\"datePublished\":\"2014-01-08T14:32:03+00:00\",\"author\":{\"@id\":\"https:\\\/\\\/bains-saint-thomas.fr\\\/cat\\\/#\\\/schema\\\/person\\\/43635085c217fcb2d3a402e16eab9bd1\"},\"breadcrumb\":{\"@id\":\"https:\\\/\\\/bains-saint-thomas.fr\\\/cat\\\/2014\\\/01\\\/08\\\/ski-et-bains-malins\\\/#breadcrumb\"},\"inLanguage\":\"fr-FR\",\"potentialAction\":[{\"@type\":\"ReadAction\",\"target\":[\"https:\\\/\\\/bains-saint-thomas.fr\\\/cat\\\/2014\\\/01\\\/08\\\/ski-et-bains-malins\\\/\"]}]},{\"@type\":\"ImageObject\",\"inLanguage\":\"fr-FR\",\"@id\":\"https:\\\/\\\/bains-saint-thomas.fr\\\/cat\\\/2014\\\/01\\\/08\\\/ski-et-bains-malins\\\/#primaryimage\",\"url\":\"https:\\\/\\\/bains-saint-thomas.fr\\\/wp-content\\\/uploads\\\/SkiezMalin1.jpg\",\"contentUrl\":\"https:\\\/\\\/bains-saint-thomas.fr\\\/wp-content\\\/uploads\\\/SkiezMalin1.jpg\"},{\"@type\":\"BreadcrumbList\",\"@id\":\"https:\\\/\\\/bains-saint-thomas.fr\\\/cat\\\/2014\\\/01\\\/08\\\/ski-et-bains-malins\\\/#breadcrumb\",\"itemListElement\":[{\"@type\":\"ListItem\",\"position\":1,\"name\":\"Accueil\",\"item\":\"https:\\\/\\\/bains-saint-thomas.fr\\\/cat\\\/\"},{\"@type\":\"ListItem\",\"position\":2,\"name\":\"Ski et Bains malins\"}]},{\"@type\":\"WebSite\",\"@id\":\"https:\\\/\\\/bains-saint-thomas.fr\\\/cat\\\/#website\",\"url\":\"https:\\\/\\\/bains-saint-thomas.fr\\\/cat\\\/\",\"name\":\"Banys de Sant Tom\u00e0s\",\"description\":\"\",\"potentialAction\":[{\"@type\":\"SearchAction\",\"target\":{\"@type\":\"EntryPoint\",\"urlTemplate\":\"https:\\\/\\\/bains-saint-thomas.fr\\\/cat\\\/?s={search_term_string}\"},\"query-input\":{\"@type\":\"PropertyValueSpecification\",\"valueRequired\":true,\"valueName\":\"search_term_string\"}}],\"inLanguage\":\"fr-FR\"},{\"@type\":\"Person\",\"@id\":\"https:\\\/\\\/bains-saint-thomas.fr\\\/cat\\\/#\\\/schema\\\/person\\\/43635085c217fcb2d3a402e16eab9bd1\",\"name\":\"adminstlb\",\"url\":\"https:\\\/\\\/bains-saint-thomas.fr\\\/cat\\\/author\\\/adminstlb\\\/\"}]}<\/script>\n<!-- \/ Yoast SEO plugin. -->","yoast_head_json":{"title":"Ski et Bains malins - Banys de Sant Tom\u00e0s","robots":{"index":"index","follow":"follow","max-snippet":"max-snippet:-1","max-image-preview":"max-image-preview:large","max-video-preview":"max-video-preview:-1"},"canonical":"https:\/\/bains-saint-thomas.fr\/cat\/2014\/01\/08\/ski-et-bains-malins\/","og_locale":"fr_FR","og_type":"article","og_title":"Ski et Bains malins - Banys de Sant Tom\u00e0s","og_description":"La nostra associaci\u00f3 entre les Termes de Sant Tom\u00e0s i les estacions de Font Romeu \/ Pyrenees 2000 d&rsquo;esqu\u00ed i relax amb \u00ab\u00a0F\u00f3rmula d&rsquo;esqu\u00ed i bany maligne!\u00a0\u00bb 1 \u20ac m\u00e9s per a la compra del seu paquet a la m\u00e0 &hellip; Lire la suite\u00ad\u00ad","og_url":"https:\/\/bains-saint-thomas.fr\/cat\/2014\/01\/08\/ski-et-bains-malins\/","og_site_name":"Banys de Sant Tom\u00e0s","article_published_time":"2014-01-08T14:32:03+00:00","og_image":[{"url":"https:\/\/bains-saint-thomas.fr\/wp-content\/uploads\/SkiezMalin1.jpg","type":"","width":"","height":""}],"author":"adminstlb","twitter_card":"summary_large_image","twitter_misc":{"\u00c9crit par":"adminstlb"},"schema":{"@context":"https:\/\/schema.org","@graph":[{"@type":"Article","@id":"https:\/\/bains-saint-thomas.fr\/cat\/2014\/01\/08\/ski-et-bains-malins\/#article","isPartOf":{"@id":"https:\/\/bains-saint-thomas.fr\/cat\/2014\/01\/08\/ski-et-bains-malins\/"},"author":{"name":"adminstlb","@id":"https:\/\/bains-saint-thomas.fr\/cat\/#\/schema\/person\/43635085c217fcb2d3a402e16eab9bd1"},"headline":"Ski et Bains malins","datePublished":"2014-01-08T14:32:03+00:00","mainEntityOfPage":{"@id":"https:\/\/bains-saint-thomas.fr\/cat\/2014\/01\/08\/ski-et-bains-malins\/"},"wordCount":97,"image":{"@id":"https:\/\/bains-saint-thomas.fr\/cat\/2014\/01\/08\/ski-et-bains-malins\/#primaryimage"},"thumbnailUrl":"https:\/\/bains-saint-thomas.fr\/wp-content\/uploads\/SkiezMalin1.jpg","inLanguage":"fr-FR"},{"@type":"WebPage","@id":"https:\/\/bains-saint-thomas.fr\/cat\/2014\/01\/08\/ski-et-bains-malins\/","url":"https:\/\/bains-saint-thomas.fr\/cat\/2014\/01\/08\/ski-et-bains-malins\/","name":"Ski et Bains malins - Banys de Sant Tom\u00e0s","isPartOf":{"@id":"https:\/\/bains-saint-thomas.fr\/cat\/#website"},"primaryImageOfPage":{"@id":"https:\/\/bains-saint-thomas.fr\/cat\/2014\/01\/08\/ski-et-bains-malins\/#primaryimage"},"image":{"@id":"https:\/\/bains-saint-thomas.fr\/cat\/2014\/01\/08\/ski-et-bains-malins\/#primaryimage"},"thumbnailUrl":"https:\/\/bains-saint-thomas.fr\/wp-content\/uploads\/SkiezMalin1.jpg","datePublished":"2014-01-08T14:32:03+00:00","author":{"@id":"https:\/\/bains-saint-thomas.fr\/cat\/#\/schema\/person\/43635085c217fcb2d3a402e16eab9bd1"},"breadcrumb":{"@id":"https:\/\/bains-saint-thomas.fr\/cat\/2014\/01\/08\/ski-et-bains-malins\/#breadcrumb"},"inLanguage":"fr-FR","potentialAction":[{"@type":"ReadAction","target":["https:\/\/bains-saint-thomas.fr\/cat\/2014\/01\/08\/ski-et-bains-malins\/"]}]},{"@type":"ImageObject","inLanguage":"fr-FR","@id":"https:\/\/bains-saint-thomas.fr\/cat\/2014\/01\/08\/ski-et-bains-malins\/#primaryimage","url":"https:\/\/bains-saint-thomas.fr\/wp-content\/uploads\/SkiezMalin1.jpg","contentUrl":"https:\/\/bains-saint-thomas.fr\/wp-content\/uploads\/SkiezMalin1.jpg"},{"@type":"BreadcrumbList","@id":"https:\/\/bains-saint-thomas.fr\/cat\/2014\/01\/08\/ski-et-bains-malins\/#breadcrumb","itemListElement":[{"@type":"ListItem","position":1,"name":"Accueil","item":"https:\/\/bains-saint-thomas.fr\/cat\/"},{"@type":"ListItem","position":2,"name":"Ski et Bains malins"}]},{"@type":"WebSite","@id":"https:\/\/bains-saint-thomas.fr\/cat\/#website","url":"https:\/\/bains-saint-thomas.fr\/cat\/","name":"Banys de Sant Tom\u00e0s","description":"","potentialAction":[{"@type":"SearchAction","target":{"@type":"EntryPoint","urlTemplate":"https:\/\/bains-saint-thomas.fr\/cat\/?s={search_term_string}"},"query-input":{"@type":"PropertyValueSpecification","valueRequired":true,"valueName":"search_term_string"}}],"inLanguage":"fr-FR"},{"@type":"Person","@id":"https:\/\/bains-saint-thomas.fr\/cat\/#\/schema\/person\/43635085c217fcb2d3a402e16eab9bd1","name":"adminstlb","url":"https:\/\/bains-saint-thomas.fr\/cat\/author\/adminstlb\/"}]}},"jetpack_featured_media_url":"","jetpack_shortlink":"https:\/\/wp.me\/p8ZYZV-J","jetpack_sharing_enabled":true,"_links":{"self":[{"href":"https:\/\/bains-saint-thomas.fr\/cat\/wp-json\/wp\/v2\/posts\/45","targetHints":{"allow":["GET"]}}],"collection":[{"href":"https:\/\/bains-saint-thomas.fr\/cat\/wp-json\/wp\/v2\/posts"}],"about":[{"href":"https:\/\/bains-saint-thomas.fr\/cat\/wp-json\/wp\/v2\/types\/post"}],"author":[{"embeddable":true,"href":"https:\/\/bains-saint-thomas.fr\/cat\/wp-json\/wp\/v2\/users\/1"}],"replies":[{"embeddable":true,"href":"https:\/\/bains-saint-thomas.fr\/cat\/wp-json\/wp\/v2\/comments?post=45"}],"version-history":[{"count":1,"href":"https:\/\/bains-saint-thomas.fr\/cat\/wp-json\/wp\/v2\/posts\/45\/revisions"}],"predecessor-version":[{"id":46,"href":"https:\/\/bains-saint-thomas.fr\/cat\/wp-json\/wp\/v2\/posts\/45\/revisions\/46"}],"wp:attachment":[{"href":"https:\/\/bains-saint-thomas.fr\/cat\/wp-json\/wp\/v2\/media?parent=45"}],"wp:term":[{"taxonomy":"category","embeddable":true,"href":"https:\/\/bains-saint-thomas.fr\/cat\/wp-json\/wp\/v2\/categories?post=45"},{"taxonomy":"post_tag","embeddable":true,"href":"https:\/\/bains-saint-thomas.fr\/cat\/wp-json\/wp\/v2\/tags?post=45"}],"curies":[{"name":"wp","href":"https:\/\/api.w.org\/{rel}","templated":true}]}}